{"id":1052,"date":"2017-06-12T21:32:03","date_gmt":"2017-06-12T19:32:03","guid":{"rendered":"http:\/\/www.kerb-wembach-hahn.de\/?p=1052"},"modified":"2023-05-26T15:43:33","modified_gmt":"2023-05-26T13:43:33","slug":"so-schnell-koennen-3-tage-vergehen","status":"publish","type":"post","link":"https:\/\/www.kerb-wembach-hahn.de\/?p=1052","title":{"rendered":"So schnell k\u00f6nnen 3 Tage vergehen&#8230;"},"content":{"rendered":"<p>3 Tage lang haben wir wieder gefeiert, getanzt und gelacht. Auch im Jahr 2017 hat es uns Allen riesigen Spa\u00df gemacht mit euch die Wembach-Heehner Kerb zu feiern. Ohne gro\u00dfe Probleme und mit hier und da ein paar Verlusten, hatten wir von Freitag bis Sonntag eine super Stimmung und hoffen, dass unsere Kerb auch in den kommenden Jahren so sch\u00f6n wird wie dieses Jahr. Bedanken m\u00f6chten wir uns nat\u00fcrlich bei allen Helfern und G\u00e4sten, ohne die eine solches Fest ganz einfach nicht m\u00f6glich w\u00e4re. Es war eine erfolgreicher Start in die Kerb Saison und demensprechend freuen wir uns schon darauf, auch bei den Kerben in anderen Ortschaften ordentlich mitzufeiern, selbst wenn vermutlich die n\u00e4chsten Tage von tiefer Erholung gepr\u00e4gt sein werden. In dem Sinne und Blick auf unser Jubil\u00e4um, n\u00e4mlich der 30. Wembach-Heehner Kerb 2018 bedanken wir uns alle bei Euch nochmal und sehen uns hoffentlich bald wieder. Der Countdown l\u00e4uft wieder!<\/p>\n<p>Generation Kerb Wembach Hahn<\/p>\n","protected":false},"excerpt":{"rendered":"<p>3 Tage lang haben wir wieder gefeiert, getanzt und gelacht. Auch im Jahr 2017 hat es uns Allen riesigen Spa\u00df gemacht mit euch die Wembach-Heehner Kerb zu feiern. Ohne gro\u00dfe Probleme und mit hier und da ein paar Verlusten, hatten wir von Freitag bis Sonntag eine super Stimmung und hoffen, dass unsere Kerb auch in [&hellip;]<\/p>\n","protected":false},"author":5,"featured_media":0,"comment_status":"closed","ping_status":"open","sticky":false,"template":"","format":"standard","meta":{"footnotes":""},"categories":[32,25],"tags":[],"class_list":["post-1052","post","type-post","status-publish","format-standard","hentry","category-kerb-2017","category-kerb","post-preview"],"_links":{"self":[{"href":"https:\/\/www.kerb-wembach-hahn.de\/index.php?rest_route=\/wp\/v2\/posts\/1052","targetHints":{"allow":["GET"]}}],"collection":[{"href":"https:\/\/www.kerb-wembach-hahn.de\/index.php?rest_route=\/wp\/v2\/posts"}],"about":[{"href":"https:\/\/www.kerb-wembach-hahn.de\/index.php?rest_route=\/wp\/v2\/types\/post"}],"author":[{"embeddable":true,"href":"https:\/\/www.kerb-wembach-hahn.de\/index.php?rest_route=\/wp\/v2\/users\/5"}],"replies":[{"embeddable":true,"href":"https:\/\/www.kerb-wembach-hahn.de\/index.php?rest_route=%2Fwp%2Fv2%2Fcomments&post=1052"}],"version-history":[{"count":2,"href":"https:\/\/www.kerb-wembach-hahn.de\/index.php?rest_route=\/wp\/v2\/posts\/1052\/revisions"}],"predecessor-version":[{"id":1060,"href":"https:\/\/www.kerb-wembach-hahn.de\/index.php?rest_route=\/wp\/v2\/posts\/1052\/revisions\/1060"}],"wp:attachment":[{"href":"https:\/\/www.kerb-wembach-hahn.de\/index.php?rest_route=%2Fwp%2Fv2%2Fmedia&parent=1052"}],"wp:term":[{"taxonomy":"category","embeddable":true,"href":"https:\/\/www.kerb-wembach-hahn.de\/index.php?rest_route=%2Fwp%2Fv2%2Fcategories&post=1052"},{"taxonomy":"post_tag","embeddable":true,"href":"https:\/\/www.kerb-wembach-hahn.de\/index.php?rest_route=%2Fwp%2Fv2%2Ftags&post=1052"}],"curies":[{"name":"wp","href":"https:\/\/api.w.org\/{rel}","templated":true}]}}