{"id":1417,"date":"2020-06-07T09:01:00","date_gmt":"2020-06-07T07:01:00","guid":{"rendered":"https:\/\/www.kerb-wembach-hahn.de\/?p=1417"},"modified":"2023-05-26T15:44:24","modified_gmt":"2023-05-26T13:44:24","slug":"die-weltweit-erste-digitalkerb","status":"publish","type":"post","link":"https:\/\/www.kerb-wembach-hahn.de\/?p=1417","title":{"rendered":"Die weltweit erste Digitalkerb?"},"content":{"rendered":"\n<p>Liebe Wembach-Heehner, Kerbg\u00e4nger, Freunde und G\u00e4ste aus dem Umland,<\/p>\n\n\n\n<p>dass die Wembach-Heehner Kerb 2020 aufgrund der bestehenden Pandemie und den, damit verbundenen, Regularien nicht stattfinden kann, d\u00fcrfte mittlerweile kein Geheimnis mehr sein. Wir bedauern dies zutiefst,<\/p>\n\n\n\n<p>ABER&#8230;<\/p>\n\n\n\n<p>Nur weil wir unser geliebtes Fest nicht im traditionellen Sinne veranstalten k\u00f6nnen, hei\u00dft das noch lange nicht, dass wir 2020 auf das ganz besondere Kerb-Feeling verzichten m\u00fcssen. In Zusammenarbeit mit der <a href=\"https:\/\/www.facebook.com\/Freiwillige-Feuerwehr-Wembach-Hahn-329908950380113\/?__tn__=K-R&amp;eid=ARBU7LR-XyY2Wr1yWnYuNtKhPHzGpnXrqCOmaspyBXlrjrz46G-cI9YUlAZwBf182FqL56AOeltpSKgV&amp;fref=mentions&amp;__xts__%5B0%5D=68.ARA9qHyeexyqCpR2wie-WHkE8GS-t7CEno6YHX0_QIPtcn0SUWdNpAj6YTGZ_rEyA_7S7rzZKrHZK3nEafuuDRd2dE3Z8ZpFNLQk_5HZuEfh49w5T-MlRue30iqVuDoI_28tCga484vKwVAZGA5P3KlPAt6AFY9rIohUIFrYiYyjAbBdgAKN36fTK-QZOIOVqjHKdlMUFA1B28gzBxEPwwIYGWHw2MOJJrKGX3f7icmfmEBWWZCWGeUe99JYihmTzFhHJiO4KzK9N4tfh72nFsdxYHRdmGhc7dFu34Pj_hAi9U-MCX9x36ipEKc-IiZGPqtvBCErYn_FLyzKmZDmqvVY\">Freiwillige Feuerwehr Wembach-Hahn<\/a> und unserem Freund und DJ Holger Grimm arbeiten wir derzeit an einem alternativen Programm f\u00fcr das Wochenende vom 12. bis zum 14. Juni, denn Wembach-Hahn feiert die erste Online-Kerb der Welt. Viel Engagement, Herzblut und gl\u00fcckliche F\u00fcgungen erlauben es uns, an besagtem Wochenende einen professionellen Live-Stream auf die Beine zu stellen, der alle wichtigen Punkte abdeckt. Unter dem Motto &#8222;Die Kerb f\u00e4llt aus, doch wir feiern zuhaus!&#8220; wird es drei Tage Kerb geben, nur eben etwas anders, als ihr es gewohnt seid.<\/p>\n\n\n\n<p>Freitags werden die Kerweborsch &amp; Kerwem\u00e4dsche traditionell einl\u00e4uten, nat\u00fcrlich unter Ber\u00fccksichtigung der zu diesem Zeitpunkt geltenden Regeln. Im Anschluss wird per Video der Bieranstich vollzogen, bevor ein Film ausgestrahlt wird. In I LOVE WH &#8211; DAS SCH\u00d6NSTE AUS 30 JAHREN KERB werden Original-Mitschnitte vergangener Jahre gezeigt, verbunden durch zahlreiche Interviews mit bekannten Weggef\u00e4hrten. Am Samstag Abend startet dann um 21:00 Uhr unsere Kerb-Party-Show. Holger Grimm (DJ Grimbo) und Kerb-Urgestein <a href=\"https:\/\/www.facebook.com\/steviekrueger?__tn__=K-R&amp;eid=ARA33S0PqHFVCBijDo5CGGhbyxQgFYxlWZ8D3Z4BiEcC9H_eP4V-AFKmVLScgsMDQm8nlE3c5Zhm3x7R&amp;fref=mentions&amp;__xts__%5B0%5D=68.ARA9qHyeexyqCpR2wie-WHkE8GS-t7CEno6YHX0_QIPtcn0SUWdNpAj6YTGZ_rEyA_7S7rzZKrHZK3nEafuuDRd2dE3Z8ZpFNLQk_5HZuEfh49w5T-MlRue30iqVuDoI_28tCga484vKwVAZGA5P3KlPAt6AFY9rIohUIFrYiYyjAbBdgAKN36fTK-QZOIOVqjHKdlMUFA1B28gzBxEPwwIYGWHw2MOJJrKGX3f7icmfmEBWWZCWGeUe99JYihmTzFhHJiO4KzK9N4tfh72nFsdxYHRdmGhc7dFu34Pj_hAi9U-MCX9x36ipEKc-IiZGPqtvBCErYn_FLyzKmZDmqvVY\">Stefan Kr\u00fcger<\/a> werden euch im Live-Stream begr\u00fc\u00dfen und die besten Party-Hits, sowie die gr\u00f6\u00dften Evergreens spielen. Zus\u00e4tzlich wird es einige \u00dcberraschungen geben, so dass es ein echter &#8222;Bunter Abend&#8220; wird. Am Sonntag wird dann um 15:00 Uhr live die Kerweredd von Kerwevadder Sascha Schwebel verlesen. Wir stecken aktuell noch in den Vorbereitungen und versuchen das Programm noch anzupassen, zu optimieren und auszubauen. Also, stellt die Getr\u00e4nke kalt, ladet (wenn ihr d\u00fcrft) eure Nachbarn ein und feiert von Zuhause aus mit.<\/p>\n\n\n\n<p>Viele werden sich jetzt vielleicht fragen, wie und wo man das sehen kann. Alle Streams werden auf einem externen Dienst gezeigt, was bedeutet, dass IHR keine Kosten habt, euch nirgendwo anmelden oder registrieren m\u00fcsst. Zus\u00e4tzlich werden die Inhalte auch auf der Homepage der Generation Kerb zu sehen sein. Die entsprechenden Details werden noch bekannt gegeben.<\/p>\n\n\n\n<p>Gude!<\/p>\n","protected":false},"excerpt":{"rendered":"<p>Liebe Wembach-Heehner, Kerbg\u00e4nger, Freunde und G\u00e4ste aus dem Umland, dass die Wembach-Heehner Kerb 2020 aufgrund der bestehenden Pandemie und den, damit verbundenen, Regularien nicht stattfinden kann, d\u00fcrfte mittlerweile kein Geheimnis mehr sein. Wir bedauern dies zutiefst, ABER&#8230; Nur weil wir unser geliebtes Fest nicht im traditionellen Sinne veranstalten k\u00f6nnen, hei\u00dft das noch lange nicht, dass [&hellip;]<\/p>\n","protected":false},"author":5,"featured_media":1416,"comment_status":"closed","ping_status":"closed","sticky":false,"template":"","format":"standard","meta":{"footnotes":""},"categories":[29,25],"tags":[14,15],"class_list":["post-1417","post","type-post","status-publish","format-standard","has-post-thumbnail","hentry","category-kerb-2020","category-kerb","tag-digitalkerb","tag-kerb-2020","post-preview"],"_links":{"self":[{"href":"https:\/\/www.kerb-wembach-hahn.de\/index.php?rest_route=\/wp\/v2\/posts\/1417","targetHints":{"allow":["GET"]}}],"collection":[{"href":"https:\/\/www.kerb-wembach-hahn.de\/index.php?rest_route=\/wp\/v2\/posts"}],"about":[{"href":"https:\/\/www.kerb-wembach-hahn.de\/index.php?rest_route=\/wp\/v2\/types\/post"}],"author":[{"embeddable":true,"href":"https:\/\/www.kerb-wembach-hahn.de\/index.php?rest_route=\/wp\/v2\/users\/5"}],"replies":[{"embeddable":true,"href":"https:\/\/www.kerb-wembach-hahn.de\/index.php?rest_route=%2Fwp%2Fv2%2Fcomments&post=1417"}],"version-history":[{"count":1,"href":"https:\/\/www.kerb-wembach-hahn.de\/index.php?rest_route=\/wp\/v2\/posts\/1417\/revisions"}],"predecessor-version":[{"id":1418,"href":"https:\/\/www.kerb-wembach-hahn.de\/index.php?rest_route=\/wp\/v2\/posts\/1417\/revisions\/1418"}],"wp:featuredmedia":[{"embeddable":true,"href":"https:\/\/www.kerb-wembach-hahn.de\/index.php?rest_route=\/wp\/v2\/media\/1416"}],"wp:attachment":[{"href":"https:\/\/www.kerb-wembach-hahn.de\/index.php?rest_route=%2Fwp%2Fv2%2Fmedia&parent=1417"}],"wp:term":[{"taxonomy":"category","embeddable":true,"href":"https:\/\/www.kerb-wembach-hahn.de\/index.php?rest_route=%2Fwp%2Fv2%2Fcategories&post=1417"},{"taxonomy":"post_tag","embeddable":true,"href":"https:\/\/www.kerb-wembach-hahn.de\/index.php?rest_route=%2Fwp%2Fv2%2Ftags&post=1417"}],"curies":[{"name":"wp","href":"https:\/\/api.w.org\/{rel}","templated":true}]}}