{"id":1799,"date":"2021-05-29T01:27:29","date_gmt":"2021-05-28T23:27:29","guid":{"rendered":"https:\/\/www.kerb-wembach-hahn.de\/?p=1799"},"modified":"2023-05-26T15:44:15","modified_gmt":"2023-05-26T13:44:15","slug":"vorbestellung-der-kerbpakete","status":"publish","type":"post","link":"https:\/\/www.kerb-wembach-hahn.de\/?p=1799","title":{"rendered":"Vorbestellung der Kerbpakete"},"content":{"rendered":"\n<p>F\u00fcr die Getr\u00e4nkeversorgung am Kerbsamstag bieten wir Euch diese Jahr Kerb-Pakete aus unserer Zeltbar in drei verschiedenen Ausf\u00fchrungen an. Die Ausgabe der&nbsp;<strong>vorbestellten<\/strong>&nbsp;Pakete erfolgt am&nbsp;<strong>Kerbfreitag, 11.06. im Zeitraum von 16:00 bis 20:00 Uhr<\/strong>&nbsp;an der Waldenserhalle.<\/p>\n\n\n\n<p>Jedes der Kerbpakete ist eine raffinierte Zusammenstellung verschiedener Kerbklassiker, die euch zumindest einen Teil der Kerb(-bar) bringen sollen. Unter Grundlagen wie Bier und Apfelwein mischen sich beispielweise Pfirsichlik\u00f6r, Havana, Wodka oder auch Limetten, die sich im Handumdrehen in bew\u00e4hrte Kerbgetr\u00e4nke verwandeln lasse. Fester Bestandteil jedes Pakets sind zwei limitierte Kerb-Festivalb\u00e4ndchen. Und das Beste: Ein Paket gibt es schon ab 15,00 Euro!<\/p>\n\n\n\n<p><strong><u>PAKET 1 \u2013  &#8222;Kerb-Einsteiger<\/u><\/strong>&#8222;<\/p>\n\n\n<p style=\"padding-left: 40px;\"><em>Bier | \u00c4ppler | Picollo Prosecco | Berliner Luft<\/em><\/p>\n\n\n<div style=\"height:10px\" aria-hidden=\"true\" class=\"wp-block-spacer\"><\/div>\n\n\n\n<p><strong><u><strong><u>PAKET 2 \u2013 \u201cAb auf die Tanzfl\u00e4che\u201d<\/u><\/strong><\/u><\/strong><\/p>\n\n\n<p style=\"padding-left: 40px;\"><em>Bier | \u00c4ppler | Picollo Prosecco | Cuba Libre | Pfirsich-H\u00fctchen | Berliner Luft<\/em><\/p>\n\n\n<div style=\"height:10px\" aria-hidden=\"true\" class=\"wp-block-spacer\"><\/div>\n\n\n\n<p><strong><u><strong><u><strong><u>PAKET 3 \u2013 \u201cKreiseltanz Ged\u00e4chtnismischung\u201d\u00a0<\/u><\/strong><\/u><\/strong><\/u><\/strong><\/p>\n\n\n<p style=\"padding-left: 40px;\"><em>Bier | \u00c4ppler | Sekt\/Sekt Orange | Cuba Libre | Pfirsich-H\u00fctchen | Wodka Orange | Wodka Wasser | J\u00e4germeister | Berliner Luft<\/em><\/p>\n\n\n<h4 class=\"wp-block-heading\"><a href=\"https:\/\/www.kerb-wembach-hahn.de\/?page_id=1767\">Hier gehts zur Vorbestellung<\/a><\/h4>\n","protected":false},"excerpt":{"rendered":"<p>F\u00fcr die Getr\u00e4nkeversorgung am Kerbsamstag bieten wir Euch diese Jahr Kerb-Pakete aus unserer Zeltbar in drei verschiedenen Ausf\u00fchrungen an. Die Ausgabe der&nbsp;vorbestellten&nbsp;Pakete erfolgt am&nbsp;Kerbfreitag, 11.06. im Zeitraum von 16:00 bis 20:00 Uhr&nbsp;an der Waldenserhalle. Jedes der Kerbpakete ist eine raffinierte Zusammenstellung verschiedener Kerbklassiker, die euch zumindest einen Teil der Kerb(-bar) bringen sollen. Unter Grundlagen wie [&hellip;]<\/p>\n","protected":false},"author":5,"featured_media":0,"comment_status":"closed","ping_status":"open","sticky":false,"template":"","format":"standard","meta":{"footnotes":""},"categories":[28,25],"tags":[21,20],"class_list":["post-1799","post","type-post","status-publish","format-standard","hentry","category-kerb-2021","category-kerb","tag-kerbpaket","tag-vorbestellung","post-preview"],"_links":{"self":[{"href":"https:\/\/www.kerb-wembach-hahn.de\/index.php?rest_route=\/wp\/v2\/posts\/1799","targetHints":{"allow":["GET"]}}],"collection":[{"href":"https:\/\/www.kerb-wembach-hahn.de\/index.php?rest_route=\/wp\/v2\/posts"}],"about":[{"href":"https:\/\/www.kerb-wembach-hahn.de\/index.php?rest_route=\/wp\/v2\/types\/post"}],"author":[{"embeddable":true,"href":"https:\/\/www.kerb-wembach-hahn.de\/index.php?rest_route=\/wp\/v2\/users\/5"}],"replies":[{"embeddable":true,"href":"https:\/\/www.kerb-wembach-hahn.de\/index.php?rest_route=%2Fwp%2Fv2%2Fcomments&post=1799"}],"version-history":[{"count":4,"href":"https:\/\/www.kerb-wembach-hahn.de\/index.php?rest_route=\/wp\/v2\/posts\/1799\/revisions"}],"predecessor-version":[{"id":1807,"href":"https:\/\/www.kerb-wembach-hahn.de\/index.php?rest_route=\/wp\/v2\/posts\/1799\/revisions\/1807"}],"wp:attachment":[{"href":"https:\/\/www.kerb-wembach-hahn.de\/index.php?rest_route=%2Fwp%2Fv2%2Fmedia&parent=1799"}],"wp:term":[{"taxonomy":"category","embeddable":true,"href":"https:\/\/www.kerb-wembach-hahn.de\/index.php?rest_route=%2Fwp%2Fv2%2Fcategories&post=1799"},{"taxonomy":"post_tag","embeddable":true,"href":"https:\/\/www.kerb-wembach-hahn.de\/index.php?rest_route=%2Fwp%2Fv2%2Ftags&post=1799"}],"curies":[{"name":"wp","href":"https:\/\/api.w.org\/{rel}","templated":true}]}}