{"id":18,"date":"2014-08-20T17:02:02","date_gmt":"2014-08-20T15:02:02","guid":{"rendered":"http:\/\/www.czwalina-web.de\/wordpress\/?p=18"},"modified":"2023-05-26T15:42:32","modified_gmt":"2023-05-26T13:42:32","slug":"danke-fuer-eine-schoene-kerb-2014","status":"publish","type":"post","link":"https:\/\/www.kerb-wembach-hahn.de\/?p=18","title":{"rendered":"Danke f\u00fcr eine sch\u00f6ne Kerb 2014!"},"content":{"rendered":"<p>Ein viertel Jahrhundert Wembach-Heehner Kerb auf dem Festplatz an der Waldenserhalle haben wir erfolgreich hinter uns gebracht.<\/p>\n<p>Auch die 26. Kerb war ein voller Erfolg. Mit guter Stimmung und vielen Programmpunkten ging es mottogerecht, ATEMLOS durch das Kerbwochenende!<\/p>\n<p>Dennoch m\u00fcssen wir uns weiter anstrengen, um unser Kulturgut \u201eKerb\u201c weiter zu bewahren. Eine Veranstaltung wie unsere traditionelle Zeltkerb l\u00e4sst sich nur dann bew\u00e4ltigen, wenn zahllose Helfer am gleichen Strang ziehen. Auch ohne unsere Sponsoren und Werbepartner w\u00e4re die Veranstaltung finanziell nicht zu bew\u00e4ltigen.<\/p>\n<p>&nbsp;<\/p>\n<blockquote><p><em><strong>Daf\u00fcr m\u00f6chten wir uns bedanken!<\/strong><\/em><\/p><\/blockquote>\n<p><img loading=\"lazy\" decoding=\"async\" class=\"aligncenter wp-image-443 size-large\" src=\"http:\/\/www.kerb-wembach-hahn.de\/wp-content\/uploads\/2014\/08\/IMG_4371-1024x768.jpg\" alt=\"IMG_4371\" width=\"676\" height=\"507\" \/><\/p>\n","protected":false},"excerpt":{"rendered":"<p>Ein viertel Jahrhundert Wembach-Heehner Kerb auf dem Festplatz an der Waldenserhalle haben wir erfolgreich hinter uns gebracht. Auch die 26. Kerb war ein voller Erfolg. Mit guter Stimmung und vielen Programmpunkten ging es mottogerecht, ATEMLOS durch das Kerbwochenende! Dennoch m\u00fcssen wir uns weiter anstrengen, um unser Kulturgut \u201eKerb\u201c weiter zu bewahren. Eine Veranstaltung wie unsere [&hellip;]<\/p>\n","protected":false},"author":5,"featured_media":0,"comment_status":"closed","ping_status":"closed","sticky":false,"template":"","format":"standard","meta":{"footnotes":""},"categories":[35,25],"tags":[],"class_list":["post-18","post","type-post","status-publish","format-standard","hentry","category-kerb-2014","category-kerb","post-preview"],"_links":{"self":[{"href":"https:\/\/www.kerb-wembach-hahn.de\/index.php?rest_route=\/wp\/v2\/posts\/18","targetHints":{"allow":["GET"]}}],"collection":[{"href":"https:\/\/www.kerb-wembach-hahn.de\/index.php?rest_route=\/wp\/v2\/posts"}],"about":[{"href":"https:\/\/www.kerb-wembach-hahn.de\/index.php?rest_route=\/wp\/v2\/types\/post"}],"author":[{"embeddable":true,"href":"https:\/\/www.kerb-wembach-hahn.de\/index.php?rest_route=\/wp\/v2\/users\/5"}],"replies":[{"embeddable":true,"href":"https:\/\/www.kerb-wembach-hahn.de\/index.php?rest_route=%2Fwp%2Fv2%2Fcomments&post=18"}],"version-history":[{"count":14,"href":"https:\/\/www.kerb-wembach-hahn.de\/index.php?rest_route=\/wp\/v2\/posts\/18\/revisions"}],"predecessor-version":[{"id":851,"href":"https:\/\/www.kerb-wembach-hahn.de\/index.php?rest_route=\/wp\/v2\/posts\/18\/revisions\/851"}],"wp:attachment":[{"href":"https:\/\/www.kerb-wembach-hahn.de\/index.php?rest_route=%2Fwp%2Fv2%2Fmedia&parent=18"}],"wp:term":[{"taxonomy":"category","embeddable":true,"href":"https:\/\/www.kerb-wembach-hahn.de\/index.php?rest_route=%2Fwp%2Fv2%2Fcategories&post=18"},{"taxonomy":"post_tag","embeddable":true,"href":"https:\/\/www.kerb-wembach-hahn.de\/index.php?rest_route=%2Fwp%2Fv2%2Ftags&post=18"}],"curies":[{"name":"wp","href":"https:\/\/api.w.org\/{rel}","templated":true}]}}