{"id":2104,"date":"2022-04-16T21:08:00","date_gmt":"2022-04-16T19:08:00","guid":{"rendered":"https:\/\/www.kerb-wembach-hahn.de\/?p=2104"},"modified":"2023-05-26T15:44:08","modified_gmt":"2023-05-26T13:44:08","slug":"warm-up-fuer-den-ersten-mai","status":"publish","type":"post","link":"https:\/\/www.kerb-wembach-hahn.de\/?p=2104","title":{"rendered":"Warm-Up f\u00fcr den ersten Mai"},"content":{"rendered":"\n<figure class=\"wp-block-gallery has-nested-images columns-default is-cropped wp-block-gallery-1 is-layout-flex wp-block-gallery-is-layout-flex\">\n<figure class=\"wp-block-image size-large\"><a href=\"https:\/\/www.kerb-wembach-hahn.de\/wp-content\/uploads\/2022\/04\/kerb_huette_2022-rotated.jpeg\"><img loading=\"lazy\" decoding=\"async\" width=\"1243\" height=\"756\" data-id=\"2106\" src=\"https:\/\/www.kerb-wembach-hahn.de\/wp-content\/uploads\/2022\/04\/kerb_huette_2022-rotated.jpeg\" alt=\"\" class=\"wp-image-2106\" srcset=\"https:\/\/www.kerb-wembach-hahn.de\/wp-content\/uploads\/2022\/04\/kerb_huette_2022-rotated.jpeg 1243w, https:\/\/www.kerb-wembach-hahn.de\/wp-content\/uploads\/2022\/04\/kerb_huette_2022-300x182.jpeg 300w, https:\/\/www.kerb-wembach-hahn.de\/wp-content\/uploads\/2022\/04\/kerb_huette_2022-1024x623.jpeg 1024w, https:\/\/www.kerb-wembach-hahn.de\/wp-content\/uploads\/2022\/04\/kerb_huette_2022-768x467.jpeg 768w, https:\/\/www.kerb-wembach-hahn.de\/wp-content\/uploads\/2022\/04\/kerb_huette_2022-676x411.jpeg 676w\" sizes=\"auto, (max-width: 1243px) 100vw, 1243px\" \/><\/a><\/figure>\n\n\n\n<figure class=\"wp-block-image size-large\"><a href=\"https:\/\/www.kerb-wembach-hahn.de\/wp-content\/uploads\/2022\/04\/kerb_flunkyball_2022.jpeg\"><img loading=\"lazy\" decoding=\"async\" width=\"1288\" height=\"594\" data-id=\"2105\" src=\"https:\/\/www.kerb-wembach-hahn.de\/wp-content\/uploads\/2022\/04\/kerb_flunkyball_2022.jpeg\" alt=\"\" class=\"wp-image-2105\" srcset=\"https:\/\/www.kerb-wembach-hahn.de\/wp-content\/uploads\/2022\/04\/kerb_flunkyball_2022.jpeg 1288w, https:\/\/www.kerb-wembach-hahn.de\/wp-content\/uploads\/2022\/04\/kerb_flunkyball_2022-300x138.jpeg 300w, https:\/\/www.kerb-wembach-hahn.de\/wp-content\/uploads\/2022\/04\/kerb_flunkyball_2022-1024x472.jpeg 1024w, https:\/\/www.kerb-wembach-hahn.de\/wp-content\/uploads\/2022\/04\/kerb_flunkyball_2022-768x354.jpeg 768w, https:\/\/www.kerb-wembach-hahn.de\/wp-content\/uploads\/2022\/04\/kerb_flunkyball_2022-676x312.jpeg 676w\" sizes=\"auto, (max-width: 1288px) 100vw, 1288px\" \/><\/a><\/figure>\n\n\n\n<figure class=\"wp-block-image size-large\"><a href=\"https:\/\/www.kerb-wembach-hahn.de\/wp-content\/uploads\/2022\/04\/kerb_wasserwerk_2022.jpeg\"><img loading=\"lazy\" decoding=\"async\" width=\"1600\" height=\"1200\" data-id=\"2107\" src=\"https:\/\/www.kerb-wembach-hahn.de\/wp-content\/uploads\/2022\/04\/kerb_wasserwerk_2022.jpeg\" alt=\"\" class=\"wp-image-2107\" srcset=\"https:\/\/www.kerb-wembach-hahn.de\/wp-content\/uploads\/2022\/04\/kerb_wasserwerk_2022.jpeg 1600w, https:\/\/www.kerb-wembach-hahn.de\/wp-content\/uploads\/2022\/04\/kerb_wasserwerk_2022-300x225.jpeg 300w, https:\/\/www.kerb-wembach-hahn.de\/wp-content\/uploads\/2022\/04\/kerb_wasserwerk_2022-1024x768.jpeg 1024w, https:\/\/www.kerb-wembach-hahn.de\/wp-content\/uploads\/2022\/04\/kerb_wasserwerk_2022-768x576.jpeg 768w, https:\/\/www.kerb-wembach-hahn.de\/wp-content\/uploads\/2022\/04\/kerb_wasserwerk_2022-1536x1152.jpeg 1536w, https:\/\/www.kerb-wembach-hahn.de\/wp-content\/uploads\/2022\/04\/kerb_wasserwerk_2022-676x507.jpeg 676w\" sizes=\"auto, (max-width: 1600px) 100vw, 1600px\" \/><\/a><\/figure>\n<\/figure>\n\n\n<p>Als kleines Warm-Up f\u00fcr unsere allj\u00e4hrliche Nachtwanderung in den ersten Mai, begaben wir uns dieses Jahr schon im April auf eine beschwerliche und Flunky-Ball-reiche Wanderung. Angefangen in Wembach, 30 Minuten versp\u00e4tet gestartet und schlie\u00dflich, nach <del>einigen<\/del> unendlich vielen Pausen, \u00fcber Reinheim nach Gro\u00df-Bieberau und dann nat\u00fcrlich wieder nach Wembach-Hahn.<\/p>\n<p>Wie jedes Jahr freuen wir uns nat\u00fcrlich schon auf unsere Kerb im Juni. Dieses Jahr, so der Plan, auch endlich wieder im Kerbzelt &#8211; Mit Euch!<\/p>","protected":false},"excerpt":{"rendered":"<p>Als kleines Warm-Up f\u00fcr unsere allj\u00e4hrliche Nachtwanderung in den ersten Mai, begaben wir uns dieses Jahr schon im April auf eine beschwerliche und Flunky-Ball-reiche Wanderung. Angefangen in Wembach, 30 Minuten versp\u00e4tet gestartet und schlie\u00dflich, nach einigen unendlich vielen Pausen, \u00fcber Reinheim nach Gro\u00df-Bieberau und dann nat\u00fcrlich wieder nach Wembach-Hahn. Wie jedes Jahr freuen wir uns [&hellip;]<\/p>\n","protected":false},"author":5,"featured_media":0,"comment_status":"closed","ping_status":"open","sticky":false,"template":"","format":"standard","meta":{"footnotes":""},"categories":[27,25],"tags":[],"class_list":["post-2104","post","type-post","status-publish","format-standard","hentry","category-kerb-2022","category-kerb","post-preview"],"_links":{"self":[{"href":"https:\/\/www.kerb-wembach-hahn.de\/index.php?rest_route=\/wp\/v2\/posts\/2104","targetHints":{"allow":["GET"]}}],"collection":[{"href":"https:\/\/www.kerb-wembach-hahn.de\/index.php?rest_route=\/wp\/v2\/posts"}],"about":[{"href":"https:\/\/www.kerb-wembach-hahn.de\/index.php?rest_route=\/wp\/v2\/types\/post"}],"author":[{"embeddable":true,"href":"https:\/\/www.kerb-wembach-hahn.de\/index.php?rest_route=\/wp\/v2\/users\/5"}],"replies":[{"embeddable":true,"href":"https:\/\/www.kerb-wembach-hahn.de\/index.php?rest_route=%2Fwp%2Fv2%2Fcomments&post=2104"}],"version-history":[{"count":1,"href":"https:\/\/www.kerb-wembach-hahn.de\/index.php?rest_route=\/wp\/v2\/posts\/2104\/revisions"}],"predecessor-version":[{"id":2109,"href":"https:\/\/www.kerb-wembach-hahn.de\/index.php?rest_route=\/wp\/v2\/posts\/2104\/revisions\/2109"}],"wp:attachment":[{"href":"https:\/\/www.kerb-wembach-hahn.de\/index.php?rest_route=%2Fwp%2Fv2%2Fmedia&parent=2104"}],"wp:term":[{"taxonomy":"category","embeddable":true,"href":"https:\/\/www.kerb-wembach-hahn.de\/index.php?rest_route=%2Fwp%2Fv2%2Fcategories&post=2104"},{"taxonomy":"post_tag","embeddable":true,"href":"https:\/\/www.kerb-wembach-hahn.de\/index.php?rest_route=%2Fwp%2Fv2%2Ftags&post=2104"}],"curies":[{"name":"wp","href":"https:\/\/api.w.org\/{rel}","templated":true}]}}