{"id":2110,"date":"2022-04-21T21:23:17","date_gmt":"2022-04-21T19:23:17","guid":{"rendered":"https:\/\/www.kerb-wembach-hahn.de\/?p=2110"},"modified":"2023-05-26T15:44:00","modified_gmt":"2023-05-26T13:44:00","slug":"die-kerb-im-zelt","status":"publish","type":"post","link":"https:\/\/www.kerb-wembach-hahn.de\/?p=2110","title":{"rendered":"DIE Kerb im Zelt"},"content":{"rendered":"<p>Wie versprochen. Dieses Jahr ist es wieder soweit. Und ohne viel drumherum. Wir laden Euch zu unserer diesj\u00e4hrigen Kerb in unser Kerbzelt im Wiesengrund in Wembach-Hahn ein. Seit Januar planen wir fest mit der Zeltkerb. Die Proben f\u00fcr den Bunten Abend haben schon l\u00e4ngst begonnen, das Trio ist schon seit Ewigkeiten gew\u00e4hlt und mit jedem Tag w\u00e4chst die Vorfreude. Vom 10. bis 12. Juni k\u00f6nnen wir somit wieder ein ganzes Wochenende zusammen feiern.<\/p>\n<p>Das Motto wartet noch auf den letzten Feinschliff, doch es wird nicht mehr lange dauern, bis auch die Plakate wieder h\u00e4ngen werden. Bis dahin bedeutet dies jedoch zumindest f\u00fcr uns noch jede Menge Vorbereitungen. Zugegebenerma\u00dfen ist es wirklich nicht mehr lang&#8230; Also, bis bald! Oder bis gleich?<\/p>\n","protected":false},"excerpt":{"rendered":"<p>Wie versprochen. Dieses Jahr ist es wieder soweit. Und ohne viel drumherum. Wir laden Euch zu unserer diesj\u00e4hrigen Kerb in unser Kerbzelt im Wiesengrund in Wembach-Hahn ein. Seit Januar planen wir fest mit der Zeltkerb. Die Proben f\u00fcr den Bunten Abend haben schon l\u00e4ngst begonnen, das Trio ist schon seit Ewigkeiten gew\u00e4hlt und mit jedem [&hellip;]<\/p>\n","protected":false},"author":5,"featured_media":0,"comment_status":"closed","ping_status":"open","sticky":false,"template":"","format":"standard","meta":{"footnotes":""},"categories":[27,25],"tags":[],"class_list":["post-2110","post","type-post","status-publish","format-standard","hentry","category-kerb-2022","category-kerb","post-preview"],"_links":{"self":[{"href":"https:\/\/www.kerb-wembach-hahn.de\/index.php?rest_route=\/wp\/v2\/posts\/2110","targetHints":{"allow":["GET"]}}],"collection":[{"href":"https:\/\/www.kerb-wembach-hahn.de\/index.php?rest_route=\/wp\/v2\/posts"}],"about":[{"href":"https:\/\/www.kerb-wembach-hahn.de\/index.php?rest_route=\/wp\/v2\/types\/post"}],"author":[{"embeddable":true,"href":"https:\/\/www.kerb-wembach-hahn.de\/index.php?rest_route=\/wp\/v2\/users\/5"}],"replies":[{"embeddable":true,"href":"https:\/\/www.kerb-wembach-hahn.de\/index.php?rest_route=%2Fwp%2Fv2%2Fcomments&post=2110"}],"version-history":[{"count":2,"href":"https:\/\/www.kerb-wembach-hahn.de\/index.php?rest_route=\/wp\/v2\/posts\/2110\/revisions"}],"predecessor-version":[{"id":2139,"href":"https:\/\/www.kerb-wembach-hahn.de\/index.php?rest_route=\/wp\/v2\/posts\/2110\/revisions\/2139"}],"wp:attachment":[{"href":"https:\/\/www.kerb-wembach-hahn.de\/index.php?rest_route=%2Fwp%2Fv2%2Fmedia&parent=2110"}],"wp:term":[{"taxonomy":"category","embeddable":true,"href":"https:\/\/www.kerb-wembach-hahn.de\/index.php?rest_route=%2Fwp%2Fv2%2Fcategories&post=2110"},{"taxonomy":"post_tag","embeddable":true,"href":"https:\/\/www.kerb-wembach-hahn.de\/index.php?rest_route=%2Fwp%2Fv2%2Ftags&post=2110"}],"curies":[{"name":"wp","href":"https:\/\/api.w.org\/{rel}","templated":true}]}}