{"id":2191,"date":"2022-06-05T18:16:28","date_gmt":"2022-06-05T16:16:28","guid":{"rendered":"https:\/\/www.kerb-wembach-hahn.de\/?p=2191"},"modified":"2023-05-26T15:43:50","modified_gmt":"2023-05-26T13:43:50","slug":"ueberraschungsgast","status":"publish","type":"post","link":"https:\/\/www.kerb-wembach-hahn.de\/?p=2191","title":{"rendered":"\u00dcberraschungsgast"},"content":{"rendered":"\n<p>Zwar sagen unsere Plakate etwas anderes, jedoch freuen wir uns euch nun sagen zu k\u00f6nnen, dass wir am Kerbfreitag doch eine Band im Zelt haben! Wir freuen uns auf &#8222;Ivan und die Galaxyband&#8220; sowie einen weiteren \u00dcberraschungsgast bei uns im Kerbzelt. Das Wochenende sieht deshalb nun wie folgt aus:<\/p>\n\n\n\n<p><strong>Freitag (10.06)<\/strong><br>19:00 Uhr Einl\u00e4uten der Kerb in den Stra\u00dfen von Wembach-Hahn<br>20:30 Uhr Traditioneller Bieranstich<br>anschl. KERBZELTPARTY mit \u201eIvan und die Galaxyband\u201c, \u201eDJ Grimbo Finest Party Beats\u201c sowie einem exklusiven \u00dcberraschungsgast.<\/p>\n\n\n\n<p><strong>Samstag (11.06)<\/strong><br>15:00 Uhr Kerb Caf\u00e9 f\u00fcr Alt und Jung<br>20:30 Uhr Bunter Abend der Kerweborsch und Kerwem\u00e4dsche<br>anschl. Disco-Party mit Stefan Kr\u00fcger<\/p>\n\n\n\n<p><strong>Sonntag (12.06)<\/strong><br>11:00 Uhr Kerbgottesdienst im Festzelt<br>anschl. gemeinsames Mittagessen<br>14:00 Uhr Kerbumzug<br>15:00 Uhr Kerweredd<br>anschl. Stimmung, Musik und Tanz mit Stefan Kr\u00fcger<\/p>\n","protected":false},"excerpt":{"rendered":"<p>Zwar sagen unsere Plakate etwas anderes, jedoch freuen wir uns euch nun sagen zu k\u00f6nnen, dass wir am Kerbfreitag doch eine Band im Zelt haben! Wir freuen uns auf &#8222;Ivan und die Galaxyband&#8220; sowie einen weiteren \u00dcberraschungsgast bei uns im Kerbzelt. Das Wochenende sieht deshalb nun wie folgt aus: Freitag (10.06)19:00 Uhr Einl\u00e4uten der Kerb [&hellip;]<\/p>\n","protected":false},"author":5,"featured_media":0,"comment_status":"closed","ping_status":"open","sticky":false,"template":"","format":"standard","meta":{"footnotes":""},"categories":[27,25],"tags":[],"class_list":["post-2191","post","type-post","status-publish","format-standard","hentry","category-kerb-2022","category-kerb","post-preview"],"_links":{"self":[{"href":"https:\/\/www.kerb-wembach-hahn.de\/index.php?rest_route=\/wp\/v2\/posts\/2191","targetHints":{"allow":["GET"]}}],"collection":[{"href":"https:\/\/www.kerb-wembach-hahn.de\/index.php?rest_route=\/wp\/v2\/posts"}],"about":[{"href":"https:\/\/www.kerb-wembach-hahn.de\/index.php?rest_route=\/wp\/v2\/types\/post"}],"author":[{"embeddable":true,"href":"https:\/\/www.kerb-wembach-hahn.de\/index.php?rest_route=\/wp\/v2\/users\/5"}],"replies":[{"embeddable":true,"href":"https:\/\/www.kerb-wembach-hahn.de\/index.php?rest_route=%2Fwp%2Fv2%2Fcomments&post=2191"}],"version-history":[{"count":1,"href":"https:\/\/www.kerb-wembach-hahn.de\/index.php?rest_route=\/wp\/v2\/posts\/2191\/revisions"}],"predecessor-version":[{"id":2192,"href":"https:\/\/www.kerb-wembach-hahn.de\/index.php?rest_route=\/wp\/v2\/posts\/2191\/revisions\/2192"}],"wp:attachment":[{"href":"https:\/\/www.kerb-wembach-hahn.de\/index.php?rest_route=%2Fwp%2Fv2%2Fmedia&parent=2191"}],"wp:term":[{"taxonomy":"category","embeddable":true,"href":"https:\/\/www.kerb-wembach-hahn.de\/index.php?rest_route=%2Fwp%2Fv2%2Fcategories&post=2191"},{"taxonomy":"post_tag","embeddable":true,"href":"https:\/\/www.kerb-wembach-hahn.de\/index.php?rest_route=%2Fwp%2Fv2%2Ftags&post=2191"}],"curies":[{"name":"wp","href":"https:\/\/api.w.org\/{rel}","templated":true}]}}