{"id":2223,"date":"2023-04-17T21:20:52","date_gmt":"2023-04-17T19:20:52","guid":{"rendered":"https:\/\/www.kerb-wembach-hahn.de\/?p=2223"},"modified":"2023-05-26T15:34:42","modified_gmt":"2023-05-26T13:34:42","slug":"proben-beginnen","status":"publish","type":"post","link":"https:\/\/www.kerb-wembach-hahn.de\/?p=2223","title":{"rendered":"Vorbereitung &#038; Proben beginnen"},"content":{"rendered":"\n<figure class=\"wp-block-image size-large\"><a href=\"https:\/\/www.kerb-wembach-hahn.de\/wp-content\/uploads\/2023\/04\/vorschau.png\"><img loading=\"lazy\" decoding=\"async\" width=\"1024\" height=\"562\" src=\"https:\/\/www.kerb-wembach-hahn.de\/wp-content\/uploads\/2023\/04\/vorschau-1024x562.png\" alt=\"\" class=\"wp-image-2224\" srcset=\"https:\/\/www.kerb-wembach-hahn.de\/wp-content\/uploads\/2023\/04\/vorschau-1024x562.png 1024w, https:\/\/www.kerb-wembach-hahn.de\/wp-content\/uploads\/2023\/04\/vorschau-300x165.png 300w, https:\/\/www.kerb-wembach-hahn.de\/wp-content\/uploads\/2023\/04\/vorschau-768x421.png 768w, https:\/\/www.kerb-wembach-hahn.de\/wp-content\/uploads\/2023\/04\/vorschau-1536x843.png 1536w, https:\/\/www.kerb-wembach-hahn.de\/wp-content\/uploads\/2023\/04\/vorschau-676x371.png 676w, https:\/\/www.kerb-wembach-hahn.de\/wp-content\/uploads\/2023\/04\/vorschau.png 1728w\" sizes=\"auto, (max-width: 1024px) 100vw, 1024px\" \/><\/a><\/figure>\n\n\n\n<p>Ein bunter Abend sch\u00f6n und gut, doch wie entsteht er? Daf\u00fcr setzen wir uns Monate vorher schon auf den Hosenboden und \u00fcben was das Zeug h\u00e4lt. So zumindest planen wir es im Januar bei unserer ersten Kerbsitzung immer. Tats\u00e4chlich wird Mitte April festgestellt, dass noch immer keine Entscheidung \u00fcber den Tanz getroffen wurde und dann an allen freien Abenden und Wochenenden geprobt werden muss. Naja, was soll man machen? Fr\u00fcher anfangen? Pfff&#8230;<\/p>\n\n\n\n<p>Neben der Planung des Programms, des \u00dcbens, andere Vorbereitungen kommt dann noch viel mehr dazu&#8230; Kerbzeitung, Sponsoren, T-Shirts und Jacken, Foto-Termine, Tanzkurs, Plakate, Wahlen des Trios und des Mottos. Naja, Kerb ist wohl tats\u00e4chlich mehr als nur Alkohol. <\/p>\n","protected":false},"excerpt":{"rendered":"<p>Ein bunter Abend sch\u00f6n und gut, doch wie entsteht er? Daf\u00fcr setzen wir uns Monate vorher schon auf den Hosenboden und \u00fcben was das Zeug h\u00e4lt. So zumindest planen wir es im Januar bei unserer ersten Kerbsitzung immer. Tats\u00e4chlich wird Mitte April festgestellt, dass noch immer keine Entscheidung \u00fcber den Tanz getroffen wurde und dann [&hellip;]<\/p>\n","protected":false},"author":5,"featured_media":0,"comment_status":"closed","ping_status":"open","sticky":false,"template":"","format":"standard","meta":{"footnotes":""},"categories":[26,25],"tags":[],"class_list":["post-2223","post","type-post","status-publish","format-standard","hentry","category-kerb-2023","category-kerb","post-preview"],"_links":{"self":[{"href":"https:\/\/www.kerb-wembach-hahn.de\/index.php?rest_route=\/wp\/v2\/posts\/2223","targetHints":{"allow":["GET"]}}],"collection":[{"href":"https:\/\/www.kerb-wembach-hahn.de\/index.php?rest_route=\/wp\/v2\/posts"}],"about":[{"href":"https:\/\/www.kerb-wembach-hahn.de\/index.php?rest_route=\/wp\/v2\/types\/post"}],"author":[{"embeddable":true,"href":"https:\/\/www.kerb-wembach-hahn.de\/index.php?rest_route=\/wp\/v2\/users\/5"}],"replies":[{"embeddable":true,"href":"https:\/\/www.kerb-wembach-hahn.de\/index.php?rest_route=%2Fwp%2Fv2%2Fcomments&post=2223"}],"version-history":[{"count":4,"href":"https:\/\/www.kerb-wembach-hahn.de\/index.php?rest_route=\/wp\/v2\/posts\/2223\/revisions"}],"predecessor-version":[{"id":2295,"href":"https:\/\/www.kerb-wembach-hahn.de\/index.php?rest_route=\/wp\/v2\/posts\/2223\/revisions\/2295"}],"wp:attachment":[{"href":"https:\/\/www.kerb-wembach-hahn.de\/index.php?rest_route=%2Fwp%2Fv2%2Fmedia&parent=2223"}],"wp:term":[{"taxonomy":"category","embeddable":true,"href":"https:\/\/www.kerb-wembach-hahn.de\/index.php?rest_route=%2Fwp%2Fv2%2Fcategories&post=2223"},{"taxonomy":"post_tag","embeddable":true,"href":"https:\/\/www.kerb-wembach-hahn.de\/index.php?rest_route=%2Fwp%2Fv2%2Ftags&post=2223"}],"curies":[{"name":"wp","href":"https:\/\/api.w.org\/{rel}","templated":true}]}}