{"id":2291,"date":"2023-05-26T15:31:21","date_gmt":"2023-05-26T13:31:21","guid":{"rendered":"https:\/\/www.kerb-wembach-hahn.de\/?p=2291"},"modified":"2023-05-26T16:07:17","modified_gmt":"2023-05-26T14:07:17","slug":"profis-bei-der-probe","status":"publish","type":"post","link":"https:\/\/www.kerb-wembach-hahn.de\/?p=2291","title":{"rendered":"Profis bei der Probe"},"content":{"rendered":"<p><a href=\"https:\/\/www.kerb-wembach-hahn.de\/wp-content\/uploads\/2023\/05\/singen_oder_so.jpg\"><img loading=\"lazy\" decoding=\"async\" class=\" wp-image-2292 alignleft\" src=\"https:\/\/www.kerb-wembach-hahn.de\/wp-content\/uploads\/2023\/05\/singen_oder_so-169x300.jpg\" alt=\"\" width=\"258\" height=\"458\" srcset=\"https:\/\/www.kerb-wembach-hahn.de\/wp-content\/uploads\/2023\/05\/singen_oder_so-169x300.jpg 169w, https:\/\/www.kerb-wembach-hahn.de\/wp-content\/uploads\/2023\/05\/singen_oder_so-576x1024.jpg 576w, https:\/\/www.kerb-wembach-hahn.de\/wp-content\/uploads\/2023\/05\/singen_oder_so-768x1366.jpg 768w, https:\/\/www.kerb-wembach-hahn.de\/wp-content\/uploads\/2023\/05\/singen_oder_so-864x1536.jpg 864w, https:\/\/www.kerb-wembach-hahn.de\/wp-content\/uploads\/2023\/05\/singen_oder_so-676x1202.jpg 676w, https:\/\/www.kerb-wembach-hahn.de\/wp-content\/uploads\/2023\/05\/singen_oder_so.jpg 899w\" sizes=\"auto, (max-width: 258px) 100vw, 258px\" \/><\/a>Normalerweise w\u00fcrde hier jetzt soetwas wie eine Beschreibung stehen, es w\u00fcrde erkl\u00e4rt werden was wir so machen und was wom\u00f6glich auf dem Bild zu sehen ist. Doch wenn ich mir das Bild so anschaue bin ich selbst nicht sicher, ob ich genau sagen kann, was unser Ex-Vadder und -Gl\u00f6ckner hier f\u00fcr den Bunten Abend vorbereiten. So oder so, es laufen die Proben, mehrfach die Woche wird &#8222;gesungen&#8220;, &#8222;getanzt&#8220; und geprobt.<\/p>\n<p>Fairerweise muss man jedoch zugeben, dass unserem Ex-Vadder Sascha das Ballettr\u00f6ckchen ausgezeichnet steht!<\/p>\n","protected":false},"excerpt":{"rendered":"<p>Normalerweise w\u00fcrde hier jetzt soetwas wie eine Beschreibung stehen, es w\u00fcrde erkl\u00e4rt werden was wir so machen und was wom\u00f6glich auf dem Bild zu sehen ist. Doch wenn ich mir das Bild so anschaue bin ich selbst nicht sicher, ob ich genau sagen kann, was unser Ex-Vadder und -Gl\u00f6ckner hier f\u00fcr den Bunten Abend vorbereiten. [&hellip;]<\/p>\n","protected":false},"author":5,"featured_media":0,"comment_status":"closed","ping_status":"open","sticky":false,"template":"","format":"standard","meta":{"footnotes":""},"categories":[26,25],"tags":[],"class_list":["post-2291","post","type-post","status-publish","format-standard","hentry","category-kerb-2023","category-kerb","post-preview"],"_links":{"self":[{"href":"https:\/\/www.kerb-wembach-hahn.de\/index.php?rest_route=\/wp\/v2\/posts\/2291","targetHints":{"allow":["GET"]}}],"collection":[{"href":"https:\/\/www.kerb-wembach-hahn.de\/index.php?rest_route=\/wp\/v2\/posts"}],"about":[{"href":"https:\/\/www.kerb-wembach-hahn.de\/index.php?rest_route=\/wp\/v2\/types\/post"}],"author":[{"embeddable":true,"href":"https:\/\/www.kerb-wembach-hahn.de\/index.php?rest_route=\/wp\/v2\/users\/5"}],"replies":[{"embeddable":true,"href":"https:\/\/www.kerb-wembach-hahn.de\/index.php?rest_route=%2Fwp%2Fv2%2Fcomments&post=2291"}],"version-history":[{"count":2,"href":"https:\/\/www.kerb-wembach-hahn.de\/index.php?rest_route=\/wp\/v2\/posts\/2291\/revisions"}],"predecessor-version":[{"id":2316,"href":"https:\/\/www.kerb-wembach-hahn.de\/index.php?rest_route=\/wp\/v2\/posts\/2291\/revisions\/2316"}],"wp:attachment":[{"href":"https:\/\/www.kerb-wembach-hahn.de\/index.php?rest_route=%2Fwp%2Fv2%2Fmedia&parent=2291"}],"wp:term":[{"taxonomy":"category","embeddable":true,"href":"https:\/\/www.kerb-wembach-hahn.de\/index.php?rest_route=%2Fwp%2Fv2%2Fcategories&post=2291"},{"taxonomy":"post_tag","embeddable":true,"href":"https:\/\/www.kerb-wembach-hahn.de\/index.php?rest_route=%2Fwp%2Fv2%2Ftags&post=2291"}],"curies":[{"name":"wp","href":"https:\/\/api.w.org\/{rel}","templated":true}]}}