{"id":2493,"date":"2024-05-28T19:11:02","date_gmt":"2024-05-28T17:11:02","guid":{"rendered":"https:\/\/www.kerb-wembach-hahn.de\/?p=2493"},"modified":"2024-05-28T19:11:05","modified_gmt":"2024-05-28T17:11:05","slug":"plakate-klebespass","status":"publish","type":"post","link":"https:\/\/www.kerb-wembach-hahn.de\/?p=2493","title":{"rendered":"Plakate Klebespa\u00df"},"content":{"rendered":"\n<p>Damits auch dieses Jahr keiner vergisst verteilen wir wieder im ganzen Land Plakate! Mit viel Kleister und etwas Leim d\u00fcrften die Plakate f\u00fcr die kommenden 10 Kerb-Generationen fest verklebt sein und im Jahr 2100  f\u00fcr spannende Einblicke sorgen.<\/p>\n\n\n\n<figure class=\"wp-block-image size-large\"><a href=\"https:\/\/www.kerb-wembach-hahn.de\/wp-content\/uploads\/2024\/05\/plakate_kleben_2024-1-scaled.jpeg\"><img loading=\"lazy\" decoding=\"async\" width=\"1024\" height=\"768\" src=\"https:\/\/www.kerb-wembach-hahn.de\/wp-content\/uploads\/2024\/05\/plakate_kleben_2024-1-1024x768.jpeg\" alt=\"\" class=\"wp-image-2494\" srcset=\"https:\/\/www.kerb-wembach-hahn.de\/wp-content\/uploads\/2024\/05\/plakate_kleben_2024-1-1024x768.jpeg 1024w, https:\/\/www.kerb-wembach-hahn.de\/wp-content\/uploads\/2024\/05\/plakate_kleben_2024-1-300x225.jpeg 300w, https:\/\/www.kerb-wembach-hahn.de\/wp-content\/uploads\/2024\/05\/plakate_kleben_2024-1-768x576.jpeg 768w, https:\/\/www.kerb-wembach-hahn.de\/wp-content\/uploads\/2024\/05\/plakate_kleben_2024-1-1536x1152.jpeg 1536w, https:\/\/www.kerb-wembach-hahn.de\/wp-content\/uploads\/2024\/05\/plakate_kleben_2024-1-2048x1536.jpeg 2048w, https:\/\/www.kerb-wembach-hahn.de\/wp-content\/uploads\/2024\/05\/plakate_kleben_2024-1-676x507.jpeg 676w\" sizes=\"auto, (max-width: 1024px) 100vw, 1024px\" \/><\/a><\/figure>\n\n\n\n<figure class=\"wp-block-image size-large\"><a href=\"https:\/\/www.kerb-wembach-hahn.de\/wp-content\/uploads\/2024\/05\/plakate_kleben_2024-2-scaled.jpeg\"><img loading=\"lazy\" decoding=\"async\" width=\"1024\" height=\"768\" src=\"https:\/\/www.kerb-wembach-hahn.de\/wp-content\/uploads\/2024\/05\/plakate_kleben_2024-2-1024x768.jpeg\" alt=\"\" class=\"wp-image-2495\" srcset=\"https:\/\/www.kerb-wembach-hahn.de\/wp-content\/uploads\/2024\/05\/plakate_kleben_2024-2-1024x768.jpeg 1024w, https:\/\/www.kerb-wembach-hahn.de\/wp-content\/uploads\/2024\/05\/plakate_kleben_2024-2-300x225.jpeg 300w, https:\/\/www.kerb-wembach-hahn.de\/wp-content\/uploads\/2024\/05\/plakate_kleben_2024-2-768x576.jpeg 768w, https:\/\/www.kerb-wembach-hahn.de\/wp-content\/uploads\/2024\/05\/plakate_kleben_2024-2-1536x1152.jpeg 1536w, https:\/\/www.kerb-wembach-hahn.de\/wp-content\/uploads\/2024\/05\/plakate_kleben_2024-2-2048x1536.jpeg 2048w, https:\/\/www.kerb-wembach-hahn.de\/wp-content\/uploads\/2024\/05\/plakate_kleben_2024-2-676x507.jpeg 676w\" sizes=\"auto, (max-width: 1024px) 100vw, 1024px\" \/><\/a><\/figure>\n\n\n\n<figure class=\"wp-block-image size-large\"><a href=\"https:\/\/www.kerb-wembach-hahn.de\/wp-content\/uploads\/2024\/05\/plakate_kleben_2024-3-scaled.jpeg\"><img loading=\"lazy\" decoding=\"async\" width=\"1024\" height=\"768\" src=\"https:\/\/www.kerb-wembach-hahn.de\/wp-content\/uploads\/2024\/05\/plakate_kleben_2024-3-1024x768.jpeg\" alt=\"\" class=\"wp-image-2496\" srcset=\"https:\/\/www.kerb-wembach-hahn.de\/wp-content\/uploads\/2024\/05\/plakate_kleben_2024-3-1024x768.jpeg 1024w, https:\/\/www.kerb-wembach-hahn.de\/wp-content\/uploads\/2024\/05\/plakate_kleben_2024-3-300x225.jpeg 300w, https:\/\/www.kerb-wembach-hahn.de\/wp-content\/uploads\/2024\/05\/plakate_kleben_2024-3-768x576.jpeg 768w, https:\/\/www.kerb-wembach-hahn.de\/wp-content\/uploads\/2024\/05\/plakate_kleben_2024-3-1536x1152.jpeg 1536w, https:\/\/www.kerb-wembach-hahn.de\/wp-content\/uploads\/2024\/05\/plakate_kleben_2024-3-2048x1536.jpeg 2048w, https:\/\/www.kerb-wembach-hahn.de\/wp-content\/uploads\/2024\/05\/plakate_kleben_2024-3-676x507.jpeg 676w\" sizes=\"auto, (max-width: 1024px) 100vw, 1024px\" \/><\/a><\/figure>\n","protected":false},"excerpt":{"rendered":"<p>Damits auch dieses Jahr keiner vergisst verteilen wir wieder im ganzen Land Plakate! Mit viel Kleister und etwas Leim d\u00fcrften die Plakate f\u00fcr die kommenden 10 Kerb-Generationen fest verklebt sein und im Jahr 2100 f\u00fcr spannende Einblicke sorgen.<\/p>\n","protected":false},"author":5,"featured_media":0,"comment_status":"closed","ping_status":"closed","sticky":false,"template":"","format":"standard","meta":{"footnotes":""},"categories":[36],"tags":[],"class_list":["post-2493","post","type-post","status-publish","format-standard","hentry","category-kerb-2024","post-preview"],"_links":{"self":[{"href":"https:\/\/www.kerb-wembach-hahn.de\/index.php?rest_route=\/wp\/v2\/posts\/2493","targetHints":{"allow":["GET"]}}],"collection":[{"href":"https:\/\/www.kerb-wembach-hahn.de\/index.php?rest_route=\/wp\/v2\/posts"}],"about":[{"href":"https:\/\/www.kerb-wembach-hahn.de\/index.php?rest_route=\/wp\/v2\/types\/post"}],"author":[{"embeddable":true,"href":"https:\/\/www.kerb-wembach-hahn.de\/index.php?rest_route=\/wp\/v2\/users\/5"}],"replies":[{"embeddable":true,"href":"https:\/\/www.kerb-wembach-hahn.de\/index.php?rest_route=%2Fwp%2Fv2%2Fcomments&post=2493"}],"version-history":[{"count":1,"href":"https:\/\/www.kerb-wembach-hahn.de\/index.php?rest_route=\/wp\/v2\/posts\/2493\/revisions"}],"predecessor-version":[{"id":2497,"href":"https:\/\/www.kerb-wembach-hahn.de\/index.php?rest_route=\/wp\/v2\/posts\/2493\/revisions\/2497"}],"wp:attachment":[{"href":"https:\/\/www.kerb-wembach-hahn.de\/index.php?rest_route=%2Fwp%2Fv2%2Fmedia&parent=2493"}],"wp:term":[{"taxonomy":"category","embeddable":true,"href":"https:\/\/www.kerb-wembach-hahn.de\/index.php?rest_route=%2Fwp%2Fv2%2Fcategories&post=2493"},{"taxonomy":"post_tag","embeddable":true,"href":"https:\/\/www.kerb-wembach-hahn.de\/index.php?rest_route=%2Fwp%2Fv2%2Ftags&post=2493"}],"curies":[{"name":"wp","href":"https:\/\/api.w.org\/{rel}","templated":true}]}}