{"id":2583,"date":"2024-09-20T14:54:28","date_gmt":"2024-09-20T12:54:28","guid":{"rendered":"https:\/\/www.kerb-wembach-hahn.de\/?p=2583"},"modified":"2024-09-20T14:54:30","modified_gmt":"2024-09-20T12:54:30","slug":"entschlossen-gegen-rassismus","status":"publish","type":"post","link":"https:\/\/www.kerb-wembach-hahn.de\/?p=2583","title":{"rendered":"Entschlossen gegen Rassismus"},"content":{"rendered":"\n<p>Kerb feiern ist unpolitisch. Dennoch mussten wir uns die vergangenen Tage mit rassistischen Gesten innerhalb unserer Kerbjugend auseinandersetzen. Dazu haben wir, die Generation Kerb Wembach-Hahn, eine klare, grundlegende Meinung: Rassismus, Diskriminierung, Antisemitismus oder Extremismus haben bei uns nichts zu suchen. Sie stehen dar\u00fcber hinaus im klaren Widerspruch zu unseren Grunds\u00e4tzen, eben der einer unpolitischen Kerb, die durch Toleranz, Vielfalt und des respektvollen Miteinanders gepr\u00e4gt ist.<\/p>\n\n\n\n<p>Wir, die Kerbjugend Wembach-Hahn, nehmen den Vorfall sehr ernst und wollen sichergehen, dass eine solche Situation nicht wieder vorkommt.<\/p>\n\n\n\n<p>Gemeinsam stellen wir uns entschlossen gegen Rassismus und freuen uns weiterhin mit Euch Eure wie unsere Kerb zu feiern.<\/p>\n\n\n\n<p><strong>Generation Kerb Wembach-Hahn<\/strong><\/p>\n","protected":false},"excerpt":{"rendered":"<p>Kerb feiern ist unpolitisch. Dennoch mussten wir uns die vergangenen Tage mit rassistischen Gesten innerhalb unserer Kerbjugend auseinandersetzen. Dazu haben wir, die Generation Kerb Wembach-Hahn, eine klare, grundlegende Meinung: Rassismus, Diskriminierung, Antisemitismus oder Extremismus haben bei uns nichts zu suchen. Sie stehen dar\u00fcber hinaus im klaren Widerspruch zu unseren Grunds\u00e4tzen, eben der einer unpolitischen Kerb, [&hellip;]<\/p>\n","protected":false},"author":5,"featured_media":0,"comment_status":"closed","ping_status":"closed","sticky":false,"template":"","format":"standard","meta":{"footnotes":""},"categories":[8,1],"tags":[],"class_list":["post-2583","post","type-post","status-publish","format-standard","hentry","category-aktuelles","category-allgemein","post-preview"],"_links":{"self":[{"href":"https:\/\/www.kerb-wembach-hahn.de\/index.php?rest_route=\/wp\/v2\/posts\/2583","targetHints":{"allow":["GET"]}}],"collection":[{"href":"https:\/\/www.kerb-wembach-hahn.de\/index.php?rest_route=\/wp\/v2\/posts"}],"about":[{"href":"https:\/\/www.kerb-wembach-hahn.de\/index.php?rest_route=\/wp\/v2\/types\/post"}],"author":[{"embeddable":true,"href":"https:\/\/www.kerb-wembach-hahn.de\/index.php?rest_route=\/wp\/v2\/users\/5"}],"replies":[{"embeddable":true,"href":"https:\/\/www.kerb-wembach-hahn.de\/index.php?rest_route=%2Fwp%2Fv2%2Fcomments&post=2583"}],"version-history":[{"count":1,"href":"https:\/\/www.kerb-wembach-hahn.de\/index.php?rest_route=\/wp\/v2\/posts\/2583\/revisions"}],"predecessor-version":[{"id":2584,"href":"https:\/\/www.kerb-wembach-hahn.de\/index.php?rest_route=\/wp\/v2\/posts\/2583\/revisions\/2584"}],"wp:attachment":[{"href":"https:\/\/www.kerb-wembach-hahn.de\/index.php?rest_route=%2Fwp%2Fv2%2Fmedia&parent=2583"}],"wp:term":[{"taxonomy":"category","embeddable":true,"href":"https:\/\/www.kerb-wembach-hahn.de\/index.php?rest_route=%2Fwp%2Fv2%2Fcategories&post=2583"},{"taxonomy":"post_tag","embeddable":true,"href":"https:\/\/www.kerb-wembach-hahn.de\/index.php?rest_route=%2Fwp%2Fv2%2Ftags&post=2583"}],"curies":[{"name":"wp","href":"https:\/\/api.w.org\/{rel}","templated":true}]}}