{"id":2613,"date":"2025-02-01T19:58:03","date_gmt":"2025-02-01T17:58:03","guid":{"rendered":"https:\/\/www.kerb-wembach-hahn.de\/?p=2613"},"modified":"2025-02-03T20:20:39","modified_gmt":"2025-02-03T18:20:39","slug":"auftakt","status":"publish","type":"post","link":"https:\/\/www.kerb-wembach-hahn.de\/?p=2613","title":{"rendered":"Auftakt!"},"content":{"rendered":"\n<p>Mit vielen neuen Gesichtern starten wir heute in die zweite Kerbsitzung und starten die Planung des diesj\u00e4hrigen Kerbjahres. Schon jetzt freuen wir uns wieder riesig mit Euch bei uns in Wembach-Hoo zu feiern. F\u00fcr uns hei\u00dft das jetzt Trio w\u00e4hlen, das Motto bestimmen und dann proben, proben, proben. Doch bis zum Kerbfreitag ist ja noch jeeede Menge Zeit!<\/p>\n\n\n\n<figure class=\"wp-block-image size-large\"><a href=\"https:\/\/www.kerb-wembach-hahn.de\/wp-content\/uploads\/2025\/02\/sitzungsauftakt_2025-scaled.jpg\"><img loading=\"lazy\" decoding=\"async\" width=\"768\" height=\"1024\" src=\"https:\/\/www.kerb-wembach-hahn.de\/wp-content\/uploads\/2025\/02\/sitzungsauftakt_2025-768x1024.jpg\" alt=\"\" class=\"wp-image-2614\" srcset=\"https:\/\/www.kerb-wembach-hahn.de\/wp-content\/uploads\/2025\/02\/sitzungsauftakt_2025-768x1024.jpg 768w, https:\/\/www.kerb-wembach-hahn.de\/wp-content\/uploads\/2025\/02\/sitzungsauftakt_2025-225x300.jpg 225w, https:\/\/www.kerb-wembach-hahn.de\/wp-content\/uploads\/2025\/02\/sitzungsauftakt_2025-1152x1536.jpg 1152w, https:\/\/www.kerb-wembach-hahn.de\/wp-content\/uploads\/2025\/02\/sitzungsauftakt_2025-1536x2048.jpg 1536w, https:\/\/www.kerb-wembach-hahn.de\/wp-content\/uploads\/2025\/02\/sitzungsauftakt_2025-676x901.jpg 676w, https:\/\/www.kerb-wembach-hahn.de\/wp-content\/uploads\/2025\/02\/sitzungsauftakt_2025-scaled.jpg 1920w\" sizes=\"auto, (max-width: 768px) 100vw, 768px\" \/><\/a><\/figure>\n","protected":false},"excerpt":{"rendered":"<p>Mit vielen neuen Gesichtern starten wir heute in die zweite Kerbsitzung und starten die Planung des diesj\u00e4hrigen Kerbjahres. Schon jetzt freuen wir uns wieder riesig mit Euch bei uns in Wembach-Hoo zu feiern. F\u00fcr uns hei\u00dft das jetzt Trio w\u00e4hlen, das Motto bestimmen und dann proben, proben, proben. Doch bis zum Kerbfreitag ist ja noch [&hellip;]<\/p>\n","protected":false},"author":5,"featured_media":0,"comment_status":"closed","ping_status":"closed","sticky":false,"template":"","format":"standard","meta":{"footnotes":""},"categories":[37],"tags":[],"class_list":["post-2613","post","type-post","status-publish","format-standard","hentry","category-kerb-2025","post-preview"],"_links":{"self":[{"href":"https:\/\/www.kerb-wembach-hahn.de\/index.php?rest_route=\/wp\/v2\/posts\/2613","targetHints":{"allow":["GET"]}}],"collection":[{"href":"https:\/\/www.kerb-wembach-hahn.de\/index.php?rest_route=\/wp\/v2\/posts"}],"about":[{"href":"https:\/\/www.kerb-wembach-hahn.de\/index.php?rest_route=\/wp\/v2\/types\/post"}],"author":[{"embeddable":true,"href":"https:\/\/www.kerb-wembach-hahn.de\/index.php?rest_route=\/wp\/v2\/users\/5"}],"replies":[{"embeddable":true,"href":"https:\/\/www.kerb-wembach-hahn.de\/index.php?rest_route=%2Fwp%2Fv2%2Fcomments&post=2613"}],"version-history":[{"count":1,"href":"https:\/\/www.kerb-wembach-hahn.de\/index.php?rest_route=\/wp\/v2\/posts\/2613\/revisions"}],"predecessor-version":[{"id":2615,"href":"https:\/\/www.kerb-wembach-hahn.de\/index.php?rest_route=\/wp\/v2\/posts\/2613\/revisions\/2615"}],"wp:attachment":[{"href":"https:\/\/www.kerb-wembach-hahn.de\/index.php?rest_route=%2Fwp%2Fv2%2Fmedia&parent=2613"}],"wp:term":[{"taxonomy":"category","embeddable":true,"href":"https:\/\/www.kerb-wembach-hahn.de\/index.php?rest_route=%2Fwp%2Fv2%2Fcategories&post=2613"},{"taxonomy":"post_tag","embeddable":true,"href":"https:\/\/www.kerb-wembach-hahn.de\/index.php?rest_route=%2Fwp%2Fv2%2Ftags&post=2613"}],"curies":[{"name":"wp","href":"https:\/\/api.w.org\/{rel}","templated":true}]}}