{"id":853,"date":"2014-10-27T19:06:56","date_gmt":"2014-10-27T17:06:56","guid":{"rendered":"http:\/\/www.kerb-wembach-hahn.de\/?p=853"},"modified":"2023-05-26T15:42:46","modified_gmt":"2023-05-26T13:42:46","slug":"kerbumzug-gross-bieberau","status":"publish","type":"post","link":"https:\/\/www.kerb-wembach-hahn.de\/?p=853","title":{"rendered":"Kerbumzug Gro\u00df-Bieberau"},"content":{"rendered":"<p>Am Sonntag den 26. Oktober 2014 waren wir zu Gast auf dem Umzug in Gro\u00df- Bieberau. \u00a0Wie man auf den Bildern sehen kann, hatte wir auch jede Menge Spa\u00df! Bei guter Musik und gutem Wetter zogen wir auf unserer Kerbrolle durch Gro\u00df-Bieberau. Danke an den Fahrer!<\/p>\n<p>Damit ist die Kerbsaison auch schon wieder f\u00fcr dieses Jahr beendet!<\/p>\n<p><a href=\"http:\/\/www.kerb-wembach-hahn.de\/wp-content\/uploads\/2014\/10\/IMG_2450.jpeg\"><img loading=\"lazy\" decoding=\"async\" class=\"alignnone wp-image-854 \" src=\"http:\/\/www.kerb-wembach-hahn.de\/wp-content\/uploads\/2014\/10\/IMG_2450-e1414429346103.jpeg\" alt=\"IMG_2450\" width=\"326\" height=\"435\" \/><\/a> <img loading=\"lazy\" decoding=\"async\" class=\"alignnone  wp-image-857\" src=\"http:\/\/www.kerb-wembach-hahn.de\/wp-content\/uploads\/2014\/10\/IMG_9831.jpeg\" alt=\"IMG_9831\" width=\"324\" height=\"431\" srcset=\"https:\/\/www.kerb-wembach-hahn.de\/wp-content\/uploads\/2014\/10\/IMG_9831.jpeg 400w, https:\/\/www.kerb-wembach-hahn.de\/wp-content\/uploads\/2014\/10\/IMG_9831-225x300.jpeg 225w\" sizes=\"auto, (max-width: 324px) 100vw, 324px\" \/><a href=\"http:\/\/www.kerb-wembach-hahn.de\/wp-content\/uploads\/2014\/10\/IMG_4482.jpeg\"><img loading=\"lazy\" decoding=\"async\" class=\"alignnone  wp-image-855\" src=\"http:\/\/www.kerb-wembach-hahn.de\/wp-content\/uploads\/2014\/10\/IMG_4482.jpeg\" alt=\"IMG_4482\" width=\"531\" height=\"299\" srcset=\"https:\/\/www.kerb-wembach-hahn.de\/wp-content\/uploads\/2014\/10\/IMG_4482.jpeg 600w, https:\/\/www.kerb-wembach-hahn.de\/wp-content\/uploads\/2014\/10\/IMG_4482-300x169.jpeg 300w\" sizes=\"auto, (max-width: 531px) 100vw, 531px\" \/><\/a> <a href=\"http:\/\/www.kerb-wembach-hahn.de\/wp-content\/uploads\/2014\/10\/IMG_9032.jpeg\"><img loading=\"lazy\" decoding=\"async\" class=\"alignnone  wp-image-856\" src=\"http:\/\/www.kerb-wembach-hahn.de\/wp-content\/uploads\/2014\/10\/IMG_9032.jpeg\" alt=\"IMG_9032\" width=\"529\" height=\"306\" srcset=\"https:\/\/www.kerb-wembach-hahn.de\/wp-content\/uploads\/2014\/10\/IMG_9032.jpeg 600w, https:\/\/www.kerb-wembach-hahn.de\/wp-content\/uploads\/2014\/10\/IMG_9032-300x173.jpeg 300w\" sizes=\"auto, (max-width: 529px) 100vw, 529px\" \/><\/a><\/p>\n","protected":false},"excerpt":{"rendered":"<p>Am Sonntag den 26. Oktober 2014 waren wir zu Gast auf dem Umzug in Gro\u00df- Bieberau. \u00a0Wie man auf den Bildern sehen kann, hatte wir auch jede Menge Spa\u00df! Bei guter Musik und gutem Wetter zogen wir auf unserer Kerbrolle durch Gro\u00df-Bieberau. Danke an den Fahrer! Damit ist die Kerbsaison auch schon wieder f\u00fcr dieses [&hellip;]<\/p>\n","protected":false},"author":5,"featured_media":0,"comment_status":"closed","ping_status":"open","sticky":false,"template":"","format":"standard","meta":{"footnotes":""},"categories":[35,25],"tags":[],"class_list":["post-853","post","type-post","status-publish","format-standard","hentry","category-kerb-2014","category-kerb","post-preview"],"_links":{"self":[{"href":"https:\/\/www.kerb-wembach-hahn.de\/index.php?rest_route=\/wp\/v2\/posts\/853","targetHints":{"allow":["GET"]}}],"collection":[{"href":"https:\/\/www.kerb-wembach-hahn.de\/index.php?rest_route=\/wp\/v2\/posts"}],"about":[{"href":"https:\/\/www.kerb-wembach-hahn.de\/index.php?rest_route=\/wp\/v2\/types\/post"}],"author":[{"embeddable":true,"href":"https:\/\/www.kerb-wembach-hahn.de\/index.php?rest_route=\/wp\/v2\/users\/5"}],"replies":[{"embeddable":true,"href":"https:\/\/www.kerb-wembach-hahn.de\/index.php?rest_route=%2Fwp%2Fv2%2Fcomments&post=853"}],"version-history":[{"count":2,"href":"https:\/\/www.kerb-wembach-hahn.de\/index.php?rest_route=\/wp\/v2\/posts\/853\/revisions"}],"predecessor-version":[{"id":859,"href":"https:\/\/www.kerb-wembach-hahn.de\/index.php?rest_route=\/wp\/v2\/posts\/853\/revisions\/859"}],"wp:attachment":[{"href":"https:\/\/www.kerb-wembach-hahn.de\/index.php?rest_route=%2Fwp%2Fv2%2Fmedia&parent=853"}],"wp:term":[{"taxonomy":"category","embeddable":true,"href":"https:\/\/www.kerb-wembach-hahn.de\/index.php?rest_route=%2Fwp%2Fv2%2Fcategories&post=853"},{"taxonomy":"post_tag","embeddable":true,"href":"https:\/\/www.kerb-wembach-hahn.de\/index.php?rest_route=%2Fwp%2Fv2%2Ftags&post=853"}],"curies":[{"name":"wp","href":"https:\/\/api.w.org\/{rel}","templated":true}]}}