{"id":860,"date":"2015-02-12T20:01:31","date_gmt":"2015-02-12T18:01:31","guid":{"rendered":"http:\/\/www.kerb-wembach-hahn.de\/?p=860"},"modified":"2023-05-26T15:42:51","modified_gmt":"2023-05-26T13:42:51","slug":"startschuss-kerb-2015","status":"publish","type":"post","link":"https:\/\/www.kerb-wembach-hahn.de\/?p=860","title":{"rendered":"Startschuss Kerb 2015"},"content":{"rendered":"<p>Die erste Kerbsitzung 2015 hat bereits stattgefunden. Zu den Mitgliedern des Vorjahres sind 4 Neuzug\u00e4nge dazu gekommen. Einer hat die Generation Kerb leider verlassen.<\/p>\n<p>Zudem sind bereits viele Ideen f\u00fcr die diesj\u00e4hrige Kerb zusammen geflossen.<\/p>\n<p>Die Kerb wird wie gewohnt am 2. Juni Wochenende sein, das hei\u00dft von<\/p>\n<p><strong><span style=\"color: #00ccff;\">12.Juni &#8211; 14. Juni 2015<\/span><\/strong><\/p>\n<p><a href=\"http:\/\/www.kerb-wembach-hahn.de\/wp-content\/uploads\/2015\/02\/IMG_1785.jpeg\"><img loading=\"lazy\" decoding=\"async\" class=\"alignnone  wp-image-861\" src=\"http:\/\/www.kerb-wembach-hahn.de\/wp-content\/uploads\/2015\/02\/IMG_1785-300x180.jpeg\" alt=\"IMG_1785\" width=\"357\" height=\"214\" srcset=\"https:\/\/www.kerb-wembach-hahn.de\/wp-content\/uploads\/2015\/02\/IMG_1785-300x180.jpeg 300w, https:\/\/www.kerb-wembach-hahn.de\/wp-content\/uploads\/2015\/02\/IMG_1785-1024x616.jpeg 1024w, https:\/\/www.kerb-wembach-hahn.de\/wp-content\/uploads\/2015\/02\/IMG_1785-676x406.jpeg 676w, https:\/\/www.kerb-wembach-hahn.de\/wp-content\/uploads\/2015\/02\/IMG_1785.jpeg 1280w\" sizes=\"auto, (max-width: 357px) 100vw, 357px\" \/><\/a><\/p>\n<p>\u00dcber Euer Kommen freuen wir uns sehr!<\/p>\n<p>Eure Generation Kerb<\/p>\n","protected":false},"excerpt":{"rendered":"<p>Die erste Kerbsitzung 2015 hat bereits stattgefunden. Zu den Mitgliedern des Vorjahres sind 4 Neuzug\u00e4nge dazu gekommen. Einer hat die Generation Kerb leider verlassen. Zudem sind bereits viele Ideen f\u00fcr die diesj\u00e4hrige Kerb zusammen geflossen. Die Kerb wird wie gewohnt am 2. Juni Wochenende sein, das hei\u00dft von 12.Juni &#8211; 14. Juni 2015 \u00dcber Euer [&hellip;]<\/p>\n","protected":false},"author":5,"featured_media":0,"comment_status":"closed","ping_status":"open","sticky":false,"template":"","format":"standard","meta":{"footnotes":""},"categories":[34,25],"tags":[],"class_list":["post-860","post","type-post","status-publish","format-standard","hentry","category-kerb-2015","category-kerb","post-preview"],"_links":{"self":[{"href":"https:\/\/www.kerb-wembach-hahn.de\/index.php?rest_route=\/wp\/v2\/posts\/860","targetHints":{"allow":["GET"]}}],"collection":[{"href":"https:\/\/www.kerb-wembach-hahn.de\/index.php?rest_route=\/wp\/v2\/posts"}],"about":[{"href":"https:\/\/www.kerb-wembach-hahn.de\/index.php?rest_route=\/wp\/v2\/types\/post"}],"author":[{"embeddable":true,"href":"https:\/\/www.kerb-wembach-hahn.de\/index.php?rest_route=\/wp\/v2\/users\/5"}],"replies":[{"embeddable":true,"href":"https:\/\/www.kerb-wembach-hahn.de\/index.php?rest_route=%2Fwp%2Fv2%2Fcomments&post=860"}],"version-history":[{"count":4,"href":"https:\/\/www.kerb-wembach-hahn.de\/index.php?rest_route=\/wp\/v2\/posts\/860\/revisions"}],"predecessor-version":[{"id":866,"href":"https:\/\/www.kerb-wembach-hahn.de\/index.php?rest_route=\/wp\/v2\/posts\/860\/revisions\/866"}],"wp:attachment":[{"href":"https:\/\/www.kerb-wembach-hahn.de\/index.php?rest_route=%2Fwp%2Fv2%2Fmedia&parent=860"}],"wp:term":[{"taxonomy":"category","embeddable":true,"href":"https:\/\/www.kerb-wembach-hahn.de\/index.php?rest_route=%2Fwp%2Fv2%2Fcategories&post=860"},{"taxonomy":"post_tag","embeddable":true,"href":"https:\/\/www.kerb-wembach-hahn.de\/index.php?rest_route=%2Fwp%2Fv2%2Ftags&post=860"}],"curies":[{"name":"wp","href":"https:\/\/api.w.org\/{rel}","templated":true}]}}