{"id":909,"date":"2015-06-08T13:53:09","date_gmt":"2015-06-08T11:53:09","guid":{"rendered":"http:\/\/www.kerb-wembach-hahn.de\/?p=909"},"modified":"2023-05-26T15:43:14","modified_gmt":"2023-05-26T13:43:14","slug":"only-4-days-left","status":"publish","type":"post","link":"https:\/\/www.kerb-wembach-hahn.de\/?p=909","title":{"rendered":"Only 4 days left&#8230;&#8230;.."},"content":{"rendered":"<p><a href=\"http:\/\/www.kerb-wembach-hahn.de\/wp-content\/uploads\/2015\/06\/countdown1.jpg\"><img loading=\"lazy\" decoding=\"async\" class=\"aligncenter wp-image-910 size-medium\" src=\"http:\/\/www.kerb-wembach-hahn.de\/wp-content\/uploads\/2015\/06\/countdown1-300x227.jpg\" alt=\"countdown1\" width=\"300\" height=\"227\" srcset=\"https:\/\/www.kerb-wembach-hahn.de\/wp-content\/uploads\/2015\/06\/countdown1-300x227.jpg 300w, https:\/\/www.kerb-wembach-hahn.de\/wp-content\/uploads\/2015\/06\/countdown1.jpg 321w\" sizes=\"auto, (max-width: 300px) 100vw, 300px\" \/><\/a><\/p>\n<p><strong><span style=\"color: #00ccff;\">Wir freuen uns schon darauf mit euch die Kerb dieses Wochenende zu feiern!<\/span><\/strong><\/p>\n<p>Unter dem Motto &#8222;Wild Wild West&#8220; beginnt diesen Freitag das Kerbwochenende mit dem traditionellen Einl\u00e4uten der Kerb und anschlie\u00dfendem Bieranstich im Kerbzelt an der Waldenserhalle um 19Uhr. Danach rockt Shaqua Spirit das Zelt.<\/p>\n<p>Der Samstag beginnt mit dem allj\u00e4hrlichen Senioren Nachmittag um 15.00Uhr. Abends wird wieder der Bunte Abend stattfinden. Neben einigen anderen festlichen Auftritten wird auch wieder das ber\u00fchmte M\u00e4nnerballet ein Highlight sein! Lasst euch \u00fcberraschen.<\/p>\n<p>Sonntags geht es nach dem Gottesdienst im Zelt weiter mit dem Kerbumzug um 14Uhr. Danach lohnt es sich in das Kerbzelt zu kommen, denn dort wird um 15.00Uhr die Kerbredd verlesen.<\/p>\n<p>&nbsp;<\/p>\n<p>&nbsp;<\/p>\n<p>Kommt einfach vorbei und feiert mit uns!<\/p>\n","protected":false},"excerpt":{"rendered":"<p>Wir freuen uns schon darauf mit euch die Kerb dieses Wochenende zu feiern! Unter dem Motto &#8222;Wild Wild West&#8220; beginnt diesen Freitag das Kerbwochenende mit dem traditionellen Einl\u00e4uten der Kerb und anschlie\u00dfendem Bieranstich im Kerbzelt an der Waldenserhalle um 19Uhr. Danach rockt Shaqua Spirit das Zelt. Der Samstag beginnt mit dem allj\u00e4hrlichen Senioren Nachmittag um [&hellip;]<\/p>\n","protected":false},"author":5,"featured_media":0,"comment_status":"closed","ping_status":"open","sticky":false,"template":"","format":"standard","meta":{"footnotes":""},"categories":[34,25],"tags":[],"class_list":["post-909","post","type-post","status-publish","format-standard","hentry","category-kerb-2015","category-kerb","post-preview"],"_links":{"self":[{"href":"https:\/\/www.kerb-wembach-hahn.de\/index.php?rest_route=\/wp\/v2\/posts\/909","targetHints":{"allow":["GET"]}}],"collection":[{"href":"https:\/\/www.kerb-wembach-hahn.de\/index.php?rest_route=\/wp\/v2\/posts"}],"about":[{"href":"https:\/\/www.kerb-wembach-hahn.de\/index.php?rest_route=\/wp\/v2\/types\/post"}],"author":[{"embeddable":true,"href":"https:\/\/www.kerb-wembach-hahn.de\/index.php?rest_route=\/wp\/v2\/users\/5"}],"replies":[{"embeddable":true,"href":"https:\/\/www.kerb-wembach-hahn.de\/index.php?rest_route=%2Fwp%2Fv2%2Fcomments&post=909"}],"version-history":[{"count":5,"href":"https:\/\/www.kerb-wembach-hahn.de\/index.php?rest_route=\/wp\/v2\/posts\/909\/revisions"}],"predecessor-version":[{"id":917,"href":"https:\/\/www.kerb-wembach-hahn.de\/index.php?rest_route=\/wp\/v2\/posts\/909\/revisions\/917"}],"wp:attachment":[{"href":"https:\/\/www.kerb-wembach-hahn.de\/index.php?rest_route=%2Fwp%2Fv2%2Fmedia&parent=909"}],"wp:term":[{"taxonomy":"category","embeddable":true,"href":"https:\/\/www.kerb-wembach-hahn.de\/index.php?rest_route=%2Fwp%2Fv2%2Fcategories&post=909"},{"taxonomy":"post_tag","embeddable":true,"href":"https:\/\/www.kerb-wembach-hahn.de\/index.php?rest_route=%2Fwp%2Fv2%2Ftags&post=909"}],"curies":[{"name":"wp","href":"https:\/\/api.w.org\/{rel}","templated":true}]}}